{"id":5506,"date":"2017-06-23T00:00:00","date_gmt":"2017-06-22T22:00:00","guid":{"rendered":"https:\/\/www.wg-avocats.ch\/?post_type=actualites&#038;p=5506"},"modified":"2025-11-26T16:23:25","modified_gmt":"2025-11-26T15:23:25","slug":"per-1-juli-2017-aendert-unsere-kanzlei-ihre-rechtsform-in-jene-einer-rechtsanwalts-aktiengesellschaft","status":"publish","type":"actualites","link":"http:\/\/www.wg-avocats.ch\/de\/nachrichten\/aktuelles\/per-1-juli-2017-andert-unsere-kanzlei-ihre-rechtsform-in-jene-einer-rechtsanwalts-aktiengesellschaft\/","title":{"rendered":"Per 1. Juli 2017 \u00e4ndert unsere Kanzlei ihre Rechtsform in jene einer Rechtsanwalts-Aktiengesellschaft."},"content":{"rendered":"\n<p>Die Rechtsform der Aktiengesellschaft wurde k\u00fcrzlich vom Gesetzgeber f\u00fcr die Aus\u00fcbung der Anwaltst\u00e4tigkeit in der Schweiz zugelassen. Sie erlaubt es uns, den Fortbestand unserer Kanzlei langfristig zu sichern und alle unsere Mitarbeitenden st\u00e4rken miteinzubeziehen. Wir unterstehen somit den auf grosse Gesellschaften anwendbaren schweizerischen Rechtsnormen, inbesondere auch hinsichtlich der Rechnungslegung und der Corporate Governance. Das Aktienkapital wird ausschliesslich von patentierten Rechtsanw\u00e4lten gehalten, damit unsere Unabh\u00e4ngigkeit auch in Zukunft gewahrt bleibt.<\/p>\n","protected":false},"author":10,"featured_media":0,"parent":0,"template":"","format":"standard","auteur":[259],"slider":[],"droit":[95],"class_list":["post-5506","actualites","type-actualites","status-publish","format-standard","hentry","auteur-wilhelm-avocats-de","droit-mitteilungen"],"_links":{"self":[{"href":"https:\/\/www.wg-avocats.ch\/de\/wp-json\/wp\/v2\/actualites\/5506","targetHints":{"allow":["GET"]}}],"collection":[{"href":"https:\/\/www.wg-avocats.ch\/de\/wp-json\/wp\/v2\/actualites"}],"about":[{"href":"https:\/\/www.wg-avocats.ch\/de\/wp-json\/wp\/v2\/types\/actualites"}],"author":[{"embeddable":true,"href":"https:\/\/www.wg-avocats.ch\/de\/wp-json\/wp\/v2\/users\/10"}],"wp:attachment":[{"href":"https:\/\/www.wg-avocats.ch\/de\/wp-json\/wp\/v2\/media?parent=5506"}],"wp:term":[{"taxonomy":"auteur","embeddable":true,"href":"https:\/\/www.wg-avocats.ch\/de\/wp-json\/wp\/v2\/auteur?post=5506"},{"taxonomy":"slider","embeddable":true,"href":"https:\/\/www.wg-avocats.ch\/de\/wp-json\/wp\/v2\/slider?post=5506"},{"taxonomy":"droit","embeddable":true,"href":"https:\/\/www.wg-avocats.ch\/de\/wp-json\/wp\/v2\/droit?post=5506"}],"curies":[{"name":"wp","href":"https:\/\/api.w.org\/{rel}","templated":true}]}}