{"id":5481,"date":"2019-09-22T00:00:00","date_gmt":"2019-09-21T22:00:00","guid":{"rendered":"https:\/\/www.wg-avocats.ch\/?post_type=actualites&#038;p=5481"},"modified":"2025-11-26T16:26:48","modified_gmt":"2025-11-26T15:26:48","slug":"rechtsanwalt-steve-gomes-schliesst-sich-unserer-anwaltskanzlei-an","status":"publish","type":"actualites","link":"http:\/\/www.wg-avocats.ch\/de\/nachrichten\/aktuelles\/rechtsanwalt-steve-gomes-schliest-sich-unserer-anwaltskanzlei-an\/","title":{"rendered":"Rechtsanwalt Steve Gomes schlie\u00dft sich unserer Anwaltskanzlei an"},"content":{"rendered":"\n<p>Es freut uns sehr Ihnen mitzuteilen, dass Rechtsanwalt <a href=\"https:\/\/www.wg-avocats.ch\/nos-avocats\/ema-bolomey-2\/\">Steve Gomes<\/a> nach einige Jahren in einer bekannten Genfer Anwaltskanzlei bei WILHELM Avocats SA getreten ist. Seine bevorzugten T\u00e4tigkeitsbereiche sind Handelsrecht, Vertragsrecht, Prozessrecht sowie Privat Bau- und Immobilienrecht.<\/p>\n\n\n\n<p><br>Wir freuen uns, Ihn in unserem Team begr\u00fc\u00dfen zu d\u00fcrfen!<\/p>\n","protected":false},"author":10,"featured_media":0,"parent":0,"template":"","format":"standard","auteur":[259],"slider":[],"droit":[95],"class_list":["post-5481","actualites","type-actualites","status-publish","format-standard","hentry","auteur-wilhelm-avocats-de","droit-mitteilungen"],"_links":{"self":[{"href":"https:\/\/www.wg-avocats.ch\/de\/wp-json\/wp\/v2\/actualites\/5481","targetHints":{"allow":["GET"]}}],"collection":[{"href":"https:\/\/www.wg-avocats.ch\/de\/wp-json\/wp\/v2\/actualites"}],"about":[{"href":"https:\/\/www.wg-avocats.ch\/de\/wp-json\/wp\/v2\/types\/actualites"}],"author":[{"embeddable":true,"href":"https:\/\/www.wg-avocats.ch\/de\/wp-json\/wp\/v2\/users\/10"}],"wp:attachment":[{"href":"https:\/\/www.wg-avocats.ch\/de\/wp-json\/wp\/v2\/media?parent=5481"}],"wp:term":[{"taxonomy":"auteur","embeddable":true,"href":"https:\/\/www.wg-avocats.ch\/de\/wp-json\/wp\/v2\/auteur?post=5481"},{"taxonomy":"slider","embeddable":true,"href":"https:\/\/www.wg-avocats.ch\/de\/wp-json\/wp\/v2\/slider?post=5481"},{"taxonomy":"droit","embeddable":true,"href":"https:\/\/www.wg-avocats.ch\/de\/wp-json\/wp\/v2\/droit?post=5481"}],"curies":[{"name":"wp","href":"https:\/\/api.w.org\/{rel}","templated":true}]}}