{"id":5470,"date":"2020-07-27T00:00:00","date_gmt":"2020-07-26T22:00:00","guid":{"rendered":"https:\/\/www.wg-avocats.ch\/?post_type=actualites&#038;p=5470"},"modified":"2026-04-28T07:59:47","modified_gmt":"2026-04-28T05:59:47","slug":"me-gerber-wird-in-einem-artikel-zitiert-der-in-arcinfo-in-bezug-auf-die-quarantaene-im-falle-der-rueckkehr-aus-einem-gefaehrdeten-land-und-das-recht-auf-gehalt-veroeffentlicht-wurde","status":"publish","type":"actualites","link":"http:\/\/www.wg-avocats.ch\/de\/nachrichten\/arbeitsrecht\/me-gerber-wird-in-einem-artikel-zitiert-der-in-arcinfo-in-bezug-auf-die-quarantane-im-falle-der-ruckkehr-aus-einem-gefahrdeten-land-und-das-recht-auf-gehalt-veroffentlicht-wurde\/","title":{"rendered":"Me Gerber wird in einem Artikel zitiert, der in ARCINFO in Bezug auf die Quarant\u00e4ne im Falle der R\u00fcckkehr aus einem gef\u00e4hrdeten Land und das Recht auf Gehalt ver\u00f6ffentlicht wurde"},"content":{"rendered":"\n<p>Hat ein Arbeitnehmer Anspruch auf sein Gehalt, wenn er nach der R\u00fcckkehr aus dem Urlaub in einem gef\u00e4hrdeten Land unter Quarant\u00e4ne gestellt wird? Me Sandra Gerber hatte sich mit dieser Frage besch\u00e4ftigt und wird in einem in ARCINFO ver\u00f6ffentlichten Artikel zitiert.<br><\/p>\n\n\n\n<div style=\"padding: 10px 10px; background: #00569a; font-weight: bold; margin: 20px auto; width: 220px; text-align: center;\"><a style=\"color: #fff !important;\" href=\"https:\/\/www.wg-avocats.ch\/wp-content\/uploads\/2020\/07\/20200723-ARCINFO-Me-Gerber.pdf\" target=\"_blank\" rel=\"noopener noreferrer\">ARCINFO-Artikel lesen<\/a><\/div>\n","protected":false},"author":10,"featured_media":0,"parent":0,"template":"","format":"standard","auteur":[259],"slider":[],"droit":[94],"class_list":["post-5470","actualites","type-actualites","status-publish","format-standard","hentry","auteur-wilhelm-avocats-de","droit-presse-artikel"],"_links":{"self":[{"href":"https:\/\/www.wg-avocats.ch\/de\/wp-json\/wp\/v2\/actualites\/5470","targetHints":{"allow":["GET"]}}],"collection":[{"href":"https:\/\/www.wg-avocats.ch\/de\/wp-json\/wp\/v2\/actualites"}],"about":[{"href":"https:\/\/www.wg-avocats.ch\/de\/wp-json\/wp\/v2\/types\/actualites"}],"author":[{"embeddable":true,"href":"https:\/\/www.wg-avocats.ch\/de\/wp-json\/wp\/v2\/users\/10"}],"wp:attachment":[{"href":"https:\/\/www.wg-avocats.ch\/de\/wp-json\/wp\/v2\/media?parent=5470"}],"wp:term":[{"taxonomy":"auteur","embeddable":true,"href":"https:\/\/www.wg-avocats.ch\/de\/wp-json\/wp\/v2\/auteur?post=5470"},{"taxonomy":"slider","embeddable":true,"href":"https:\/\/www.wg-avocats.ch\/de\/wp-json\/wp\/v2\/slider?post=5470"},{"taxonomy":"droit","embeddable":true,"href":"https:\/\/www.wg-avocats.ch\/de\/wp-json\/wp\/v2\/droit?post=5470"}],"curies":[{"name":"wp","href":"https:\/\/api.w.org\/{rel}","templated":true}]}}