{"id":5447,"date":"2021-02-05T00:00:00","date_gmt":"2021-02-04T23:00:00","guid":{"rendered":"https:\/\/www.wg-avocats.ch\/?post_type=actualites&#038;p=5447"},"modified":"2025-11-26T16:28:53","modified_gmt":"2025-11-26T15:28:53","slug":"unser-1500ster-abonnent-auf-unserer-linkedin-seite-ist-heute-zu-uns-gestossen","status":"publish","type":"actualites","link":"http:\/\/www.wg-avocats.ch\/de\/nachrichten\/mitteilungen\/abonnent-linkedin-seite\/","title":{"rendered":"Unser 1500ster Abonnent auf unserer LinkedIN-Seite ist heute zu uns gesto\u00dfen"},"content":{"rendered":"\n<p>Wir bedanken uns bei Herrn David Moser f\u00fcr diesen Abonnenten und bei unseren 1499 bisherigen Abonnenten! Fortsetzung folgt!<\/p>\n\n\n\n<p><br>Wilhelm Gilli\u00e9ron Avocats SA ist daher erfreut zu sehen, dass immer mehr von Ihnen uns lesen, was uns ermutigt, unsere Bem\u00fchungen zu verdoppeln, um unerm\u00fcdlich unser Wissen in unseren Fachgebieten mit Ihnen zu teilen, mit einem einzigen Ziel: den wirtschaftlichen Akteuren in unserer Region und sogar dar\u00fcber hinaus zu helfen.<\/p>\n\n\n\n<p><br>Ihr Zeugnis ber\u00fchrt uns. Seien Sie versichert, dass wir unser M\u00f6glichstes tun werden, um dessen w\u00fcrdig zu bleiben, und wir freuen uns auf die weitere Zusammenarbeit mit Ihnen und all denen, die sich uns in Zukunft anschlie\u00dfen werden. Vielen Dank!<\/p>\n","protected":false},"author":10,"featured_media":0,"parent":0,"template":"","format":"standard","auteur":[259],"slider":[],"droit":[95],"class_list":["post-5447","actualites","type-actualites","status-publish","format-standard","hentry","auteur-wilhelm-avocats-de","droit-mitteilungen"],"_links":{"self":[{"href":"https:\/\/www.wg-avocats.ch\/de\/wp-json\/wp\/v2\/actualites\/5447","targetHints":{"allow":["GET"]}}],"collection":[{"href":"https:\/\/www.wg-avocats.ch\/de\/wp-json\/wp\/v2\/actualites"}],"about":[{"href":"https:\/\/www.wg-avocats.ch\/de\/wp-json\/wp\/v2\/types\/actualites"}],"author":[{"embeddable":true,"href":"https:\/\/www.wg-avocats.ch\/de\/wp-json\/wp\/v2\/users\/10"}],"wp:attachment":[{"href":"https:\/\/www.wg-avocats.ch\/de\/wp-json\/wp\/v2\/media?parent=5447"}],"wp:term":[{"taxonomy":"auteur","embeddable":true,"href":"https:\/\/www.wg-avocats.ch\/de\/wp-json\/wp\/v2\/auteur?post=5447"},{"taxonomy":"slider","embeddable":true,"href":"https:\/\/www.wg-avocats.ch\/de\/wp-json\/wp\/v2\/slider?post=5447"},{"taxonomy":"droit","embeddable":true,"href":"https:\/\/www.wg-avocats.ch\/de\/wp-json\/wp\/v2\/droit?post=5447"}],"curies":[{"name":"wp","href":"https:\/\/api.w.org\/{rel}","templated":true}]}}