{"id":5423,"date":"2021-09-24T00:00:00","date_gmt":"2021-09-23T22:00:00","guid":{"rendered":"https:\/\/www.wg-avocats.ch\/?post_type=actualites&#038;p=5423"},"modified":"2026-04-28T08:43:11","modified_gmt":"2026-04-28T06:43:11","slug":"veroeffentlichung-von-philippe-gillieron-ueber-die-herausforderungen-der-einsatz-kuenstlicher-intelligenz-in-der-strafrechtspflege","status":"publish","type":"actualites","link":"http:\/\/www.wg-avocats.ch\/de\/nachrichten\/presse-artikel\/kunstlicher-intelligenz-strafrechtspflege\/","title":{"rendered":"Ver\u00f6ffentlichung von Philippe Gilli\u00e9ron \u00fcber die Herausforderungen der Einsatz k\u00fcnstlicher Intelligenz in der Strafrechtspflege"},"content":{"rendered":"\n<p>Wir freuen uns, die j\u00fcngste Ver\u00f6ffentlichung von <a href=\"https:\/\/8q6a3bewxt.preview.infomaniak.website\/de\/anwaelte\/philippe-gillieron\/\">Philippe Gilli\u00e9ron<\/a> \u00fcber die Herausforderungen, die der Einsatz k\u00fcnstlicher Intelligenz in der Strafrechtspflege mit sich bringt, ank\u00fcndigen zu k\u00f6nnen (mit einem ungl\u00fccklichen Druckfehler des Herausgebers im Nachnamen).<\/p>\n\n\n\n<p><br>Diese Publikation folgt auf einen Vortrag, den Philippe am Jahreskongress der Schweizerischen Gruppe f\u00fcr Kriminologie in Interlaken 2020 gehalten hat.<\/p>\n\n\n\n<p><br>Die Publikation ist derzeit nicht als Open-Access-Publikation verf\u00fcgbar, aber <a href=\"https:\/\/8q6a3bewxt.preview.infomaniak.website\/de\/kontakt\/\">wir senden Ihnen bei Interesse gerne ein .pdf zu<\/a>.<br><\/p>\n\n\n\n<figure class=\"wp-block-image size-full\"><img fetchpriority=\"high\" decoding=\"async\" width=\"800\" height=\"1112\" src=\"https:\/\/www.wg-avocats.ch\/wp-content\/uploads\/2024\/01\/intelligence-artificielle-justice-penale-03.jpg\" alt=\"\" class=\"wp-image-4807\" srcset=\"https:\/\/www.wg-avocats.ch\/wp-content\/uploads\/2024\/01\/intelligence-artificielle-justice-penale-03.jpg 800w, https:\/\/www.wg-avocats.ch\/wp-content\/uploads\/2024\/01\/intelligence-artificielle-justice-penale-03-216x300.jpg 216w, https:\/\/www.wg-avocats.ch\/wp-content\/uploads\/2024\/01\/intelligence-artificielle-justice-penale-03-737x1024.jpg 737w, https:\/\/www.wg-avocats.ch\/wp-content\/uploads\/2024\/01\/intelligence-artificielle-justice-penale-03-768x1068.jpg 768w\" sizes=\"(max-width: 800px) 100vw, 800px\" \/><\/figure>\n","protected":false},"author":10,"featured_media":0,"parent":0,"template":"","format":"standard","auteur":[259],"slider":[],"droit":[94],"class_list":["post-5423","actualites","type-actualites","status-publish","format-standard","hentry","auteur-wilhelm-avocats-de","droit-presse-artikel"],"_links":{"self":[{"href":"https:\/\/www.wg-avocats.ch\/de\/wp-json\/wp\/v2\/actualites\/5423","targetHints":{"allow":["GET"]}}],"collection":[{"href":"https:\/\/www.wg-avocats.ch\/de\/wp-json\/wp\/v2\/actualites"}],"about":[{"href":"https:\/\/www.wg-avocats.ch\/de\/wp-json\/wp\/v2\/types\/actualites"}],"author":[{"embeddable":true,"href":"https:\/\/www.wg-avocats.ch\/de\/wp-json\/wp\/v2\/users\/10"}],"wp:attachment":[{"href":"https:\/\/www.wg-avocats.ch\/de\/wp-json\/wp\/v2\/media?parent=5423"}],"wp:term":[{"taxonomy":"auteur","embeddable":true,"href":"https:\/\/www.wg-avocats.ch\/de\/wp-json\/wp\/v2\/auteur?post=5423"},{"taxonomy":"slider","embeddable":true,"href":"https:\/\/www.wg-avocats.ch\/de\/wp-json\/wp\/v2\/slider?post=5423"},{"taxonomy":"droit","embeddable":true,"href":"https:\/\/www.wg-avocats.ch\/de\/wp-json\/wp\/v2\/droit?post=5423"}],"curies":[{"name":"wp","href":"https:\/\/api.w.org\/{rel}","templated":true}]}}